{"id":99,"date":"2011-10-11T12:14:39","date_gmt":"2011-10-11T10:14:39","guid":{"rendered":"http:\/\/www.circolonewman.org\/?p=99"},"modified":"2011-12-07T20:48:07","modified_gmt":"2011-12-07T18:48:07","slug":"scola-%c2%abl%e2%80%99uomo-torni-al-centro-del-lavoro%c2%bb","status":"publish","type":"post","link":"https:\/\/www.circolonewman.org\/?p=99","title":{"rendered":"Scola: \u00abL\u2019uomo torni al centro del lavoro\u00bb"},"content":{"rendered":"<p>di Sabrina Cottone<\/p>\n<p>Il cardinale parla alla Milano dell\u2019economia e delle categorie: \u00abLa crisi nasce dall\u2019isolamento del singolo\u00bb<br \/>\nTocca alla Milano dei dan\u00e8. O per dirla in maniera pi\u00f9 evangelica dei talenti. Dopo l&#8217;incontro con il mondo della fragilit\u00e0 e della cultura, il cardinale Angelo Scola dialoga su \u00abIl lavoro, l&#8217;impresa e l&#8217;economia\u00bb nella sala convegni degli Oblati Missionari di Rho.<!--more--><br \/>\nL&#8217;arcivescovo parla con chiarezza, invita il mondo della finanza a mettere da parte \u00abl&#8217;egoismo avido\u00bb e a interrogarsi sulla \u00abgratuit\u00e0\u00bb come valore anche economico. Chiede di occuparsi dei pi\u00f9 deboli, gli immigrati ma anche coloro che sono spaventati dall&#8217;immigrazione. Invita a non polarizzare i conflitti: \u00abCerchiamo di non favorire dialettiche rigide tra aperturisti e chiusuristi. Bisogna capire anche le paure dei cittadini, interpretarle, educarle, farle evolvere\u00bb.<br \/>\nScola insiste sulla crisi, che secondo lui ha due principali ragioni: l&#8217;individualismo e l&#8217;eccesso di concentrazione sul presente. Il cardinale fa una garbata ma ferma &#8220;predica&#8221; al mondo della finanza, chiede agli operatori se davvero si sono interrogati sul valore, anche economico, della gratuit\u00e0. E se non si sono troppo concentrati sul breve termine, perdendo di vista la prospettiva e il futuro: \u00abForse nella finanza la mediazione con il futuro \u00e8 avvenuta poco. Mi domando se a questa incapacit\u00e0, che il Papa ha definito con parole durissime, come egoismo avido, mi domando se si stanno portando dei correttivi a questo livello. Il mercato non \u00e8 un Moloch immutabile\u00bb. Lui ha in mente una ricetta: \u00abPer me uno di questi correttivi \u00e8 rimettere in circolo relazioni buone, da cui possono nascere pratiche virtuose\u00bb.<br \/>\nIn sala molti grossi nomi dell&#8217;economia. Banca Intesa al gran completo con il presidente Giovanni Bazoli, l&#8217;amministratore delegato Corrado Passera, e il direttore generale, Gaetano Miccich\u00e8. C&#8217;\u00e8 il presidente della Camera della Moda, Mario Boselli, e il presidente dei panificatori, Restelli. Nelle prime file Alberto Meomartini, presidente di Assolombarda, Antonio Intiglietta presidente Gefi e Bernard Scholz, presidente della Compagnia delle opere. I sindacati, da Onorio Rosati della Cgil a Walter Galbusera della Uil a Danilo Calcagni della Cisl. E poi l&#8217;industriale Federico Falck, Mario Monti, presidente della Bocconi, Bruno Ermolli, presidente di Sinergetica, Michele Perini di Fiera Milano spa, Giuseppe Biesuz di Trenord, Elio Catania di Atm.<br \/>\nSul palco con Scola Giuseppe Guzzetti, presidente della Fondazione Cariplo (\u00abil welfare non c\u2019\u00e8 pi\u00f9\u00bb), Carlo Sangalli, presidente di Confcommercio (\u00ababbiamo due armi: dialogo e accoglienza\u00bb), Anna Maria Tarantola, vicedirettore generale della Banca d\u2019Italia (\u00abla crisi ha aggredito la liquidit\u00e0 delle imprese e delle banche\u00bb), la giovane Ilaria Paratore della Acli (\u00ab\u00e8 stata mortificata ogni speranza e voglia di riscatto\u00bb).<br \/>\nScola replica con un invito a pensare ai deboli, che non vivono alle nostre latitudini ma nel Sud del mondo e premono alle nostre porte: \u00ab\u00c8 importante ritrovare la fiducia a tutti i livelli, a partire dai pi\u00f9 deboli, i pi\u00f9 colpiti dalla crisi. La dottrina sociale della Chiesa sottolinea il primato del soggetto del lavoro. Chi sta pagando di pi\u00f9 la crisi non siamo noi, ma le realt\u00e0 pi\u00f9 emarginate del mondo come il Sud Sahara. I deboli diventano sempre pi\u00f9 deboli e non dobbiamo dimenticarci del modo in cui i mondi del Sud ci pungolano, a partire dall&#8217;immigrazione\u00bb.<br \/>\nNella Milano del lavoro frenetico, l&#8217;arcivescovo ricorda di non dimenticare \u00abil riposo e gli affetti\u00bb, che sono centrali: \u00abNon c&#8217;\u00e8 possibilit\u00e0 di parlare di lavoro impresa economia finanza al di fuori dell&#8217;uomo. L&#8217;io \u00e8 sempre in relazione\u00bb. Dice: \u00abPoich\u00e9 Dio si \u00e8 incarnato in un Uomo, la Chiesa \u00e8 interessata a tutto ci\u00f2 che \u00e8 umano\u00bb ed \u00ab\u00e8 aperta alla verit\u00e0 da qualsiasi parte provenga\u00bb.<br \/>\nScola \u00e8 convinto che la ricetta per uscire dalla crisi sia nella \u00abCaritas in veritate\u00bb. Il tono \u00e8 pacato, i contenuti forti: \u00abHo l&#8217;impressione che l&#8217;idea di gratuit\u00e0 sia stata trattata come un belletto. La business ethics \u00e8 servita pi\u00f9 a trasformare l&#8217;etica in economia che a rivedere l&#8217;economia. Abbiate l&#8217;umilt\u00e0 di interrogarvi su questo dato: in che senso la ragione gratuita entra nell&#8217;economia? Questa pu\u00f2 essere una via d&#8217;uscita dalla crisi\u00bb.<\/p>\n<p>&#8212;&#8212;&#8212;&#8212;&#8212;&#8212;&#8212;&#8212;&#8212;&#8212;&#8212;&#8212;&#8212;&#8212;&#8212;&#8212;&#8212;&#8212;&#8212;&#8212;&#8212;&#8212;&#8212;&#8212;&#8212;&#8212;&#8211;<br \/>\n\u00a9 IL GIORNALE ON LINE S.R.L.<\/p>\n","protected":false},"excerpt":{"rendered":"<p>di Sabrina Cottone Il cardinale parla alla Milano dell\u2019economia e delle categorie: \u00abLa crisi nasce dall\u2019isolamento del singolo\u00bb Tocca alla Milano dei dan\u00e8. O per dirla in maniera pi\u00f9 evangelica dei talenti. Dopo l&#8217;incontro con il mondo della fragilit\u00e0 e &hellip; <a href=\"https:\/\/www.circolonewman.org\/?p=99\">Continua a leggere<span class=\"meta-nav\">&rarr;<\/span><\/a><\/p>\n","protected":false},"author":3,"featured_media":0,"comment_status":"open","ping_status":"open","sticky":false,"template":"","format":"standard","meta":{"footnotes":""},"categories":[7],"tags":[],"class_list":["post-99","post","type-post","status-publish","format-standard","hentry","category-spunti-di-riflessione"],"_links":{"self":[{"href":"https:\/\/www.circolonewman.org\/index.php?rest_route=\/wp\/v2\/posts\/99","targetHints":{"allow":["GET"]}}],"collection":[{"href":"https:\/\/www.circolonewman.org\/index.php?rest_route=\/wp\/v2\/posts"}],"about":[{"href":"https:\/\/www.circolonewman.org\/index.php?rest_route=\/wp\/v2\/types\/post"}],"author":[{"embeddable":true,"href":"https:\/\/www.circolonewman.org\/index.php?rest_route=\/wp\/v2\/users\/3"}],"replies":[{"embeddable":true,"href":"https:\/\/www.circolonewman.org\/index.php?rest_route=%2Fwp%2Fv2%2Fcomments&post=99"}],"version-history":[{"count":2,"href":"https:\/\/www.circolonewman.org\/index.php?rest_route=\/wp\/v2\/posts\/99\/revisions"}],"predecessor-version":[{"id":252,"href":"https:\/\/www.circolonewman.org\/index.php?rest_route=\/wp\/v2\/posts\/99\/revisions\/252"}],"wp:attachment":[{"href":"https:\/\/www.circolonewman.org\/index.php?rest_route=%2Fwp%2Fv2%2Fmedia&parent=99"}],"wp:term":[{"taxonomy":"category","embeddable":true,"href":"https:\/\/www.circolonewman.org\/index.php?rest_route=%2Fwp%2Fv2%2Fcategories&post=99"},{"taxonomy":"post_tag","embeddable":true,"href":"https:\/\/www.circolonewman.org\/index.php?rest_route=%2Fwp%2Fv2%2Ftags&post=99"}],"curies":[{"name":"wp","href":"https:\/\/api.w.org\/{rel}","templated":true}]}}